{"id":517,"date":"2020-05-14T17:01:39","date_gmt":"2020-05-14T17:01:39","guid":{"rendered":"https:\/\/terusisa.com.ar\/sanjuan\/?p=517"},"modified":"2023-10-16T15:58:59","modified_gmt":"2023-10-16T15:58:59","slug":"san-juan-seguira-apostando-a-la-obra-publica-con-el-apoyo-de-la-camara-de-la-construccion","status":"publish","type":"post","link":"https:\/\/terusisa.com.ar\/sanjuan\/san-juan-seguira-apostando-a-la-obra-publica-con-el-apoyo-de-la-camara-de-la-construccion\/","title":{"rendered":"San Juan seguir\u00e1 apostando a la obra p\u00fablica con el apoyo de la C\u00e1mara de la Construcci\u00f3n"},"content":{"rendered":"\n<p>En la jornada de este martes, el gobernador de San Juan, Sergio U\u00f1ac, junto con el ministro de Obras y Servicios P\u00fablicos, Julio Ortiz Andino, recibi\u00f3 a referentes de la\u00a0C\u00e1mara de la Construcci\u00f3n delegaci\u00f3n San Juan. Durante la visita, que tuvo lugar en Casa de Gobierno,\u00a0dialogaron sobre l<strong>a situ<\/strong>aci\u00f3n actual del sector en el marco de la pandemia de COVID-19 y el rol clave que tendr\u00e1 la obra p\u00fab<strong>l<\/strong>ica para la reactivaci\u00f3n del secto<strong>r<\/strong>.<\/p>\n\n\n\n<p>En este sentido, se trabaja para\u00a0avanzar en iniciativas p\u00fablico privadas para la construcci\u00f3n de barrios, as\u00ed como tambi\u00e9n diversas obras de construcci\u00f3n en el sector minero, apuntando siempre una a\u00a0prioritaria participaci\u00f3n de empresas sanjuaninas.<\/p>\n\n\n\n<p>Al t\u00e9rmino de la reuni\u00f3n, Ortiz Andino calific\u00f3 al encuentro como \u00abmuy fruct\u00edfero, con un importante apoyo de la C\u00e1mara de la Construcci\u00f3n. Fundamentalmente,\u00a0<strong>v<\/strong>amos a darle continuidad a la obra p\u00fablica, algo que pretendemos con el gobernador desde el primer d\u00eda. pero siempre tomando en cuenta la dif\u00edcil situaci\u00f3n en la que estamos que va a significar bajar el ritmo en algunas obras y desarrollando otras nuevas a futuro\u201d, manifest\u00f3 el ministro.<\/p>\n\n\n\n<p>La C\u00e1mara de la Construcci\u00f3n delegaci\u00f3n San Juan est\u00e1 conformada por grandes, medianas y peque\u00f1as empresas del sector, cuyos representantes coincidieron en ratificar su apoyo a las medidas implementadas por el Ejecutivo provincial para evitar la propagaci\u00f3n del coronavirus y minimizar el impacto de la pandemia en los sectores econ\u00f3micos y productivos de la provincia.<\/p>\n\n\n\n<p>Fuente: Gobierno de San Juan<\/p>\n","protected":false},"excerpt":{"rendered":"<p>En la jornada de este martes, el gobernador de San Juan, Sergio U\u00f1ac, junto con el ministro de Obras y Servicios P\u00fablicos, Julio Ortiz Andino, recibi\u00f3 a referentes de la\u00a0C\u00e1mara de la Construcci\u00f3n delegaci\u00f3n San Juan. Durante la visita, que tuvo lugar en Casa de Gobierno,\u00a0dialogaron sobre la situaci\u00f3n actual del sector en el marco [&hellip;]<\/p>\n","protected":false},"author":2,"featured_media":518,"comment_status":"closed","ping_status":"closed","sticky":false,"template":"","format":"standard","meta":{"footnotes":""},"categories":[16],"tags":[],"class_list":["post-517","post","type-post","status-publish","format-standard","has-post-thumbnail","hentry","category-noticias"],"_links":{"self":[{"href":"https:\/\/terusisa.com.ar\/sanjuan\/wp-json\/wp\/v2\/posts\/517","targetHints":{"allow":["GET"]}}],"collection":[{"href":"https:\/\/terusisa.com.ar\/sanjuan\/wp-json\/wp\/v2\/posts"}],"about":[{"href":"https:\/\/terusisa.com.ar\/sanjuan\/wp-json\/wp\/v2\/types\/post"}],"author":[{"embeddable":true,"href":"https:\/\/terusisa.com.ar\/sanjuan\/wp-json\/wp\/v2\/users\/2"}],"replies":[{"embeddable":true,"href":"https:\/\/terusisa.com.ar\/sanjuan\/wp-json\/wp\/v2\/comments?post=517"}],"version-history":[{"count":1,"href":"https:\/\/terusisa.com.ar\/sanjuan\/wp-json\/wp\/v2\/posts\/517\/revisions"}],"predecessor-version":[{"id":519,"href":"https:\/\/terusisa.com.ar\/sanjuan\/wp-json\/wp\/v2\/posts\/517\/revisions\/519"}],"wp:featuredmedia":[{"embeddable":true,"href":"https:\/\/terusisa.com.ar\/sanjuan\/wp-json\/wp\/v2\/media\/518"}],"wp:attachment":[{"href":"https:\/\/terusisa.com.ar\/sanjuan\/wp-json\/wp\/v2\/media?parent=517"}],"wp:term":[{"taxonomy":"category","embeddable":true,"href":"https:\/\/terusisa.com.ar\/sanjuan\/wp-json\/wp\/v2\/categories?post=517"},{"taxonomy":"post_tag","embeddable":true,"href":"https:\/\/terusisa.com.ar\/sanjuan\/wp-json\/wp\/v2\/tags?post=517"}],"curies":[{"name":"wp","href":"https:\/\/api.w.org\/{rel}","templated":true}]}}